{"id":2197,"date":"2013-11-06T15:17:15","date_gmt":"2013-11-06T14:17:15","guid":{"rendered":"http:\/\/knihovna.nyrany.cz\/?p=2197"},"modified":"2013-11-06T15:17:15","modified_gmt":"2013-11-06T14:17:15","slug":"festival-den-poezie-2013","status":"publish","type":"post","link":"http:\/\/knihovna.nyrany.cz\/?p=2197","title":{"rendered":"Festival DEN POEZIE 2013"},"content":{"rendered":"<address><span style=\"color: #ff9900;\">Ve dnech 10. \u2013 25. listopadu 2013<\/span> bude prob\u00edhat ji\u017e patn\u00e1ct\u00fd ro\u010dn\u00edk <span style=\"color: #ff9900;\"><strong>festivalu \u201eDen poezie<\/strong><strong>\u201d<\/strong><\/span>. Tentokr\u00e1te na t\u00e9ma <span style=\"color: #ff9900;\">\u201e<strong>V\u00e1\u0161e\u0148 a popel<\/strong>\u201c.<\/span><\/address>\n<p style=\"text-align: justify;\">Z\u00a0p\u016fvodn\u011b jednodenn\u00edho festivalu po\u0159\u00e1dan\u00e9ho ku p\u0159\u00edle\u017eitosti\u00a0v\u00fdro\u010d\u00ed narozen\u00ed Karla Hynka M\u00e1chy se d\u00edky rostouc\u00edmu z\u00e1jmu ze stran organizac\u00ed a p\u0159edev\u0161\u00edm ve\u0159ejnosti stala ud\u00e1lost trvaj\u00edc\u00ed dva t\u00fddny, a\u00a0proto se i \u201eDen poezie\u201c stal jedin\u00fdm dnem v\u00a0roce, kter\u00fd trv\u00e1 cel\u00fdch \u010dtrn\u00e1ct dn\u016f.<\/p>\n<address style=\"text-align: justify;\">P\u0159esto ani letos nem\u016f\u017ee chyb\u011bt ud\u00e1lost, kterou v\u0161echno za\u010dalo \u2013 dnes ji\u017e <span style=\"color: #ff9900;\"><strong>tradi\u010dn\u00ed oslava narozenin u\u00a0sochy K.H. M\u00e1chy na pra\u017esk\u00e9m Pet\u0159\u00edn\u011b \u2013 16. listopadu od 19 hodin<\/strong>.<\/span> Op\u011bt se budou recitovat b\u00e1sn\u011b, zap\u00e1l\u00ed se sv\u00ed\u010dky a p\u0159ipije se v\u00ednem oslavenci na zdrav\u00ed!<\/address>\n<p style=\"text-align: justify;\">V\u00a0mnoha m\u011bstech lid\u00e9 <strong>zap\u00e1l\u00ed ohn\u011b<\/strong>, kolem kter\u00fdch budou recitovat ver\u0161e. Ty pak slo\u017e\u00ed do vla\u0161tovek a\u00a0v\u00a0plamenech prom\u011bn\u00ed v\u00a0d\u00fdm, ke kter\u00e9mu si oslavenec M\u00e1cha p\u0159ivon\u00ed.<\/p>\n<p style=\"text-align: justify;\">Kompletn\u00ed seznam akc\u00ed naleznete na\u00a0 str\u00e1nk\u00e1ch <a href=\"http:\/\/www.denpoezie.cz\/\">www.denpoezie.cz<\/a><\/p>\n<p style=\"text-align: justify;\">Informace o festivalu najdete tak\u00e9 na facebooku <a href=\"http:\/\/www.facebook.com\/denpoezie\">www.facebook.com\/denpoezie<\/a><\/p>\n<p style=\"text-align: justify;\"><strong>Koordin\u00e1torem festivalu Den poezie je ob\u010dansk\u00e9 sdru\u017een\u00ed Spole\u010dnost poezie<\/strong><\/p>\n","protected":false},"excerpt":{"rendered":"<p>Ve dnech 10. \u2013 25. listopadu 2013 bude prob\u00edhat ji\u017e patn\u00e1ct\u00fd ro\u010dn\u00edk festivalu \u201eDen poezie\u201d. Tentokr\u00e1te na t\u00e9ma \u201eV\u00e1\u0161e\u0148 a popel\u201c. Z\u00a0p\u016fvodn\u011b jednodenn\u00edho festivalu po\u0159\u00e1dan\u00e9ho ku p\u0159\u00edle\u017eitosti\u00a0v\u00fdro\u010d\u00ed narozen\u00ed Karla Hynka M\u00e1chy se d\u00edky rostouc\u00edmu z\u00e1jmu ze stran organizac\u00ed a p\u0159edev\u0161\u00edm ve\u0159ejnosti stala ud\u00e1lost trvaj\u00edc\u00ed dva t\u00fddny, a\u00a0proto se i \u201eDen poezie\u201c stal jedin\u00fdm dnem v\u00a0roce, [&hellip;]<\/p>\n","protected":false},"author":3,"featured_media":0,"comment_status":"closed","ping_status":"closed","sticky":false,"template":"","format":"standard","meta":{"footnotes":""},"categories":[1],"tags":[],"class_list":["post-2197","post","type-post","status-publish","format-standard","hentry","category-aktuality"],"_links":{"self":[{"href":"http:\/\/knihovna.nyrany.cz\/index.php?rest_route=\/wp\/v2\/posts\/2197","targetHints":{"allow":["GET"]}}],"collection":[{"href":"http:\/\/knihovna.nyrany.cz\/index.php?rest_route=\/wp\/v2\/posts"}],"about":[{"href":"http:\/\/knihovna.nyrany.cz\/index.php?rest_route=\/wp\/v2\/types\/post"}],"author":[{"embeddable":true,"href":"http:\/\/knihovna.nyrany.cz\/index.php?rest_route=\/wp\/v2\/users\/3"}],"replies":[{"embeddable":true,"href":"http:\/\/knihovna.nyrany.cz\/index.php?rest_route=%2Fwp%2Fv2%2Fcomments&post=2197"}],"version-history":[{"count":7,"href":"http:\/\/knihovna.nyrany.cz\/index.php?rest_route=\/wp\/v2\/posts\/2197\/revisions"}],"predecessor-version":[{"id":2204,"href":"http:\/\/knihovna.nyrany.cz\/index.php?rest_route=\/wp\/v2\/posts\/2197\/revisions\/2204"}],"wp:attachment":[{"href":"http:\/\/knihovna.nyrany.cz\/index.php?rest_route=%2Fwp%2Fv2%2Fmedia&parent=2197"}],"wp:term":[{"taxonomy":"category","embeddable":true,"href":"http:\/\/knihovna.nyrany.cz\/index.php?rest_route=%2Fwp%2Fv2%2Fcategories&post=2197"},{"taxonomy":"post_tag","embeddable":true,"href":"http:\/\/knihovna.nyrany.cz\/index.php?rest_route=%2Fwp%2Fv2%2Ftags&post=2197"}],"curies":[{"name":"wp","href":"https:\/\/api.w.org\/{rel}","templated":true}]}}